{"id":2674,"__str__":"Requerimento n\u00ba 839 de 2015","link_detail_backend":"/materia/2674","metadata":{},"numero":839,"ano":2015,"numero_protocolo":null,"data_apresentacao":"2015-04-24","tipo_apresentacao":"E","data_publicacao":null,"numero_origem_externa":"","ano_origem_externa":null,"data_origem_externa":null,"apelido":"","dias_prazo":null,"data_fim_prazo":null,"em_tramitacao":false,"polemica":false,"objeto":"","complementar":false,"ementa":"REQUER AO EXCELENT\u00cdSSIMO SENHOR PRESIDENTE DA C\u00c2MARA MUNICIPAL DE AN\u00c1POLIS, NOS TERMOS DO ARTIGO 169, \u00a7 2\u00b0 DO REGIMENTO INTERNO, A VISITA ILUSTRE DOS DIRETORES DA ESCOLA DE DAN\u00c7A DE AN\u00c1POLIS, BEM COMO HOMENAGEAR A SENHORA ELZA CAVALCANTE PELOS 30 ANOS DEDICADOS A DAN\u00c7A, FORMANDO DIVERSOS ALUNOS E ELEVANDO O NOME DE NOSSA CIDADE AL\u00c9M FRONTEIRAS NAS FESTIVIDADES DO DIA INTERNACIONAL DA DAN\u00c7A, 29/04/2015, NESTA DATA, \u00c0S 15:30 HORAS, NO PRIMEIRO ESPA\u00c7O DO GRANDE EXPEDIENTE DA SESS\u00c3O ORDIN\u00c1RIA, NO PLEN\u00c1RIO TEOT\u00d4NIO VILELA, NESTA CASA DE LEIS.\r\n\r\nAUTOR: PAULO DE LIMA","indexacao":"","observacao":"","resultado":"","texto_original":"http://sapl.anapolis.go.leg.br/media/sapl/public/materialegislativa/2015/2674/2674_texto_integral.jpeg","data_ultima_atualizacao":"2018-08-31T09:55:50.147131-03:00","ip":"","ultima_edicao":null,"tipo":3,"regime_tramitacao":1,"tipo_origem_externa":null,"local_origem_externa":null,"user":null,"anexadas":[],"autores":[16]}